{"id":2770,"date":"2025-09-17T18:49:21","date_gmt":"2025-09-17T21:49:21","guid":{"rendered":"https:\/\/dynamoprod.com.br\/dynamo\/?p=2770"},"modified":"2025-09-17T18:49:25","modified_gmt":"2025-09-17T21:49:25","slug":"the-gathering-no-brasil","status":"publish","type":"post","link":"https:\/\/dynamoprod.com.br\/dynamo\/the-gathering-no-brasil\/","title":{"rendered":"The Gathering no Brasil"},"content":{"rendered":"<p><img loading=\"lazy\" decoding=\"async\" src=\"https:\/\/dynamoprod.com.br\/dynamo\/wp-content\/uploads\/2025\/09\/feed-square-1080x1080-1_1-1024x1024.png\" alt=\"\" width=\"600\" height=\"600\" class=\"aligncenter size-large wp-image-2771\" srcset=\"https:\/\/dynamoprod.com.br\/dynamo\/wp-content\/uploads\/2025\/09\/feed-square-1080x1080-1_1-1024x1024.png 1024w, https:\/\/dynamoprod.com.br\/dynamo\/wp-content\/uploads\/2025\/09\/feed-square-1080x1080-1_1-200x200.png 200w, https:\/\/dynamoprod.com.br\/dynamo\/wp-content\/uploads\/2025\/09\/feed-square-1080x1080-1_1-768x768.png 768w, https:\/\/dynamoprod.com.br\/dynamo\/wp-content\/uploads\/2025\/09\/feed-square-1080x1080-1_1.png 1200w\" sizes=\"auto, (max-width: 600px) 100vw, 600px\" \/><\/p>\n<p>Uma das bandas mais ic\u00f4nicas do metal atmosf\u00e9rico\/alternativo est\u00e1 de volta aos palcos e far\u00e1 um show especial no Brasil em 2026! Prepare-se para uma noite \u00fanica, repleta de intensidade, emo\u00e7\u00e3o e cl\u00e1ssicos que marcaram gera\u00e7\u00f5es.<\/p>\n<p>The Gathering no Brasil<br \/>\nCidade &#8211; S\u00e3o Paulo<br \/>\nLocal: @audio<br \/>\nData: 15\/out\/2026<br \/>\nHor\u00e1rio: Abertura dos port\u00f5es 19h<br \/>\nGaranta j\u00e1 o seu ingresso e viva essa experi\u00eancia inesquec\u00edvel ao lado de uma das maiores bandas do g\u00eanero.<br \/>\nIngressos via <a href=\"https:\/\/www.ticket360.com.br\/evento\/31662\/ingressos-para-the-gathering-in-concert\" target=\"_blank\">@ticket360 <\/a><br \/>\nN\u00e3o perca essa oportunidade \u2013 os lugares s\u00e3o limitados!<\/p>\n","protected":false},"excerpt":{"rendered":"<p>Uma das bandas mais ic\u00f4nicas do metal atmosf\u00e9rico\/alternativo est\u00e1 de volta aos palcos e far\u00e1 um show especial no Brasil em 2026! Prepare-se para uma noite \u00fanica, repleta de intensidade, emo\u00e7\u00e3o e cl\u00e1ssicos que marcaram gera\u00e7\u00f5es. The Gathering no Brasil Cidade &#8211; S\u00e3o Paulo Local: @audio Data: 15\/out\/2026 Hor\u00e1rio: Abertura dos port\u00f5es 19h Garanta j\u00e1 [&hellip;]<\/p>\n","protected":false},"author":1,"featured_media":0,"comment_status":"open","ping_status":"open","sticky":false,"template":"","format":"standard","meta":{"footnotes":""},"categories":[2],"tags":[],"class_list":["post-2770","post","type-post","status-publish","format-standard","hentry","category-noticias"],"views":272,"_links":{"self":[{"href":"https:\/\/dynamoprod.com.br\/dynamo\/wp-json\/wp\/v2\/posts\/2770","targetHints":{"allow":["GET"]}}],"collection":[{"href":"https:\/\/dynamoprod.com.br\/dynamo\/wp-json\/wp\/v2\/posts"}],"about":[{"href":"https:\/\/dynamoprod.com.br\/dynamo\/wp-json\/wp\/v2\/types\/post"}],"author":[{"embeddable":true,"href":"https:\/\/dynamoprod.com.br\/dynamo\/wp-json\/wp\/v2\/users\/1"}],"replies":[{"embeddable":true,"href":"https:\/\/dynamoprod.com.br\/dynamo\/wp-json\/wp\/v2\/comments?post=2770"}],"version-history":[{"count":1,"href":"https:\/\/dynamoprod.com.br\/dynamo\/wp-json\/wp\/v2\/posts\/2770\/revisions"}],"predecessor-version":[{"id":2772,"href":"https:\/\/dynamoprod.com.br\/dynamo\/wp-json\/wp\/v2\/posts\/2770\/revisions\/2772"}],"wp:attachment":[{"href":"https:\/\/dynamoprod.com.br\/dynamo\/wp-json\/wp\/v2\/media?parent=2770"}],"wp:term":[{"taxonomy":"category","embeddable":true,"href":"https:\/\/dynamoprod.com.br\/dynamo\/wp-json\/wp\/v2\/categories?post=2770"},{"taxonomy":"post_tag","embeddable":true,"href":"https:\/\/dynamoprod.com.br\/dynamo\/wp-json\/wp\/v2\/tags?post=2770"}],"curies":[{"name":"wp","href":"https:\/\/api.w.org\/{rel}","templated":true}]}}